{"id":803,"date":"2014-12-21T15:50:41","date_gmt":"2014-12-21T15:50:41","guid":{"rendered":"http:\/\/www.bolivia-sms.com\/noticias\/?p=803"},"modified":"2014-12-21T15:50:41","modified_gmt":"2014-12-21T15:50:41","slug":"entel-pondra-fibra-optica-para-bermejo","status":"publish","type":"post","link":"http:\/\/www.bolivia-sms.com\/noticias\/entel-pondra-fibra-optica-para-bermejo\/","title":{"rendered":"Entel pondr\u00e1 fibra \u00f3ptica para Bermejo"},"content":{"rendered":"<p><img loading=\"lazy\" class=\"aligncenter size-full wp-image-688\" src=\"\/noticias\/wp-content\/uploads\/2014\/03\/edificio-entel.jpg\" alt=\"edificio-entel\" width=\"448\" height=\"299\" \/><\/p>\n<p>Luis Chosgo, de Entel, regional Bermejo, inform\u00f3 que tras los \u00faltimos cortes registrados en la regi\u00f3n se ha tomado la determinaci\u00f3n de tender\u00a0fibra \u00f3ptica Tarija \u2013Bermejo, lo cual evitara que caiga el sistema ante cualquier ventarr\u00f3n, descargas el\u00e9ctricas u otros fen\u00f3menos natrales.<\/p>\n<p>\u201cQuiero hacer un anuncio, y es que ya se ha aprobado el proyecto del tendido de cable de la fibra \u00f3ptica desde Tarija hasta Bermejo, tengo entendido que se realizar\u00e1 una inversi\u00f3n millonaria, existe ya una empresa adjudicataria por lo que a m\u00e1s tardar hasta febrero o marzo se dar\u00e1 inicio la instalaci\u00f3n de la fibra \u00f3ptica\u201d, dijo.<\/p>\n<p>El responsable de Entel en Bermejo resalt\u00f3 la importancia de contar con un servicio \u201ceficaz, eficiente, pero sobre todo con una velocidad similar a la existente en las ciudades capitales y dem\u00e1s departamentos de Bolivia\u00bb.<\/p>\n<p>Fuente: El Pa\u00eds<\/p>\n","protected":false},"excerpt":{"rendered":"<p>Luis Chosgo, de Entel, regional Bermejo, inform\u00f3 que tras los \u00faltimos cortes registrados en la regi\u00f3n se ha tomado la determinaci\u00f3n de tender\u00a0fibra \u00f3ptica Tarija \u2013Bermejo, lo cual evitara que caiga el sistema ante cualquier ventarr\u00f3n, descargas el\u00e9ctricas u otros&#8230;<\/p>\n","protected":false},"author":1,"featured_media":688,"comment_status":"open","ping_status":"open","sticky":false,"template":"","format":"standard","meta":[],"categories":[24],"tags":[],"aioseo_notices":[],"_links":{"self":[{"href":"http:\/\/www.bolivia-sms.com\/noticias\/wp-json\/wp\/v2\/posts\/803"}],"collection":[{"href":"http:\/\/www.bolivia-sms.com\/noticias\/wp-json\/wp\/v2\/posts"}],"about":[{"href":"http:\/\/www.bolivia-sms.com\/noticias\/wp-json\/wp\/v2\/types\/post"}],"author":[{"embeddable":true,"href":"http:\/\/www.bolivia-sms.com\/noticias\/wp-json\/wp\/v2\/users\/1"}],"replies":[{"embeddable":true,"href":"http:\/\/www.bolivia-sms.com\/noticias\/wp-json\/wp\/v2\/comments?post=803"}],"version-history":[{"count":1,"href":"http:\/\/www.bolivia-sms.com\/noticias\/wp-json\/wp\/v2\/posts\/803\/revisions"}],"predecessor-version":[{"id":804,"href":"http:\/\/www.bolivia-sms.com\/noticias\/wp-json\/wp\/v2\/posts\/803\/revisions\/804"}],"wp:featuredmedia":[{"embeddable":true,"href":"http:\/\/www.bolivia-sms.com\/noticias\/wp-json\/wp\/v2\/media\/688"}],"wp:attachment":[{"href":"http:\/\/www.bolivia-sms.com\/noticias\/wp-json\/wp\/v2\/media?parent=803"}],"wp:term":[{"taxonomy":"category","embeddable":true,"href":"http:\/\/www.bolivia-sms.com\/noticias\/wp-json\/wp\/v2\/categories?post=803"},{"taxonomy":"post_tag","embeddable":true,"href":"http:\/\/www.bolivia-sms.com\/noticias\/wp-json\/wp\/v2\/tags?post=803"}],"curies":[{"name":"wp","href":"https:\/\/api.w.org\/{rel}","templated":true}]}}