{"id":257,"date":"2013-04-05T16:09:19","date_gmt":"2013-04-05T16:09:19","guid":{"rendered":"http:\/\/www.bolivia-sms.com\/noticias\/?p=257"},"modified":"2013-04-05T16:09:19","modified_gmt":"2013-04-05T16:09:19","slug":"viceministerio-reconoce-debilidades-de-entel-en-internet","status":"publish","type":"post","link":"http:\/\/www.bolivia-sms.com\/noticias\/viceministerio-reconoce-debilidades-de-entel-en-internet\/","title":{"rendered":"Viceministerio reconoce debilidades de ENTEL en Internet"},"content":{"rendered":"<p>&nbsp;<\/p>\n<p>El viceministro de Telecomunicaciones, Roy M\u00e9ndez, admiti\u00f3 que ENTEL tiene debilidades en la conexi\u00f3n de Internet en el pa\u00eds.<\/p>\n<p>\u201cHay algunas deficiencias y es cierto; no es s\u00f3lo en El Alto, sino en las principales ciudades, y est\u00e1n referidas al acceso a internet fijo o ADSL (banda ancha) que va por cable, que se deben a que la planta externa de la empresa estatal no es muy amplia y pertenece a las cooperativas telef\u00f3nicas. \u00c9sa es una de las debilidades que se detect\u00f3\u201d, afirm\u00f3 M\u00e9ndez en la rendici\u00f3n de cuentas 2012 del Ministerio de Obras P\u00fablicas.<\/p>\n<p>La autoridad inform\u00f3 que ENTEL invertir\u00e1 este a\u00f1o en la extensi\u00f3n de fibra \u00f3ptica para las principales ciudades del pa\u00eds.<\/p>\n<p>El gerente de la telef\u00f3nica estatal, \u00d3scar Coca, dijo que la tarea planteada para este a\u00f1o es el tendido de un anillo de fibra \u00f3ptica.<\/p>\n<p>\u201cCerraremos el circuito de fibra \u00f3ptica que nos permitir\u00e1 mejorar la demanda y nos permitir\u00e1 incrementar la velocidad entre diez y 20 veces m\u00e1s de lo que tenemos ahora\u201d, afirm\u00f3.<\/p>\n","protected":false},"excerpt":{"rendered":"<p>&nbsp; El viceministro de Telecomunicaciones, Roy M\u00e9ndez, admiti\u00f3 que ENTEL tiene debilidades en la conexi\u00f3n de Internet en el pa\u00eds. \u201cHay algunas deficiencias y es cierto; no es s\u00f3lo en El Alto, sino en las principales ciudades, y est\u00e1n referidas&#8230;<\/p>\n","protected":false},"author":1,"featured_media":210,"comment_status":"open","ping_status":"open","sticky":false,"template":"","format":"standard","meta":[],"categories":[24],"tags":[],"aioseo_notices":[],"_links":{"self":[{"href":"http:\/\/www.bolivia-sms.com\/noticias\/wp-json\/wp\/v2\/posts\/257"}],"collection":[{"href":"http:\/\/www.bolivia-sms.com\/noticias\/wp-json\/wp\/v2\/posts"}],"about":[{"href":"http:\/\/www.bolivia-sms.com\/noticias\/wp-json\/wp\/v2\/types\/post"}],"author":[{"embeddable":true,"href":"http:\/\/www.bolivia-sms.com\/noticias\/wp-json\/wp\/v2\/users\/1"}],"replies":[{"embeddable":true,"href":"http:\/\/www.bolivia-sms.com\/noticias\/wp-json\/wp\/v2\/comments?post=257"}],"version-history":[{"count":2,"href":"http:\/\/www.bolivia-sms.com\/noticias\/wp-json\/wp\/v2\/posts\/257\/revisions"}],"predecessor-version":[{"id":259,"href":"http:\/\/www.bolivia-sms.com\/noticias\/wp-json\/wp\/v2\/posts\/257\/revisions\/259"}],"wp:featuredmedia":[{"embeddable":true,"href":"http:\/\/www.bolivia-sms.com\/noticias\/wp-json\/wp\/v2\/media\/210"}],"wp:attachment":[{"href":"http:\/\/www.bolivia-sms.com\/noticias\/wp-json\/wp\/v2\/media?parent=257"}],"wp:term":[{"taxonomy":"category","embeddable":true,"href":"http:\/\/www.bolivia-sms.com\/noticias\/wp-json\/wp\/v2\/categories?post=257"},{"taxonomy":"post_tag","embeddable":true,"href":"http:\/\/www.bolivia-sms.com\/noticias\/wp-json\/wp\/v2\/tags?post=257"}],"curies":[{"name":"wp","href":"https:\/\/api.w.org\/{rel}","templated":true}]}}