{"id":229,"date":"2013-03-28T00:19:32","date_gmt":"2013-03-28T00:19:32","guid":{"rendered":"http:\/\/www.bolivia-sms.com\/noticias\/?p=229"},"modified":"2013-03-28T00:19:32","modified_gmt":"2013-03-28T00:19:32","slug":"entel-anuncia-conexion-via-fibra-optica-en-18-meses","status":"publish","type":"post","link":"http:\/\/www.bolivia-sms.com\/noticias\/entel-anuncia-conexion-via-fibra-optica-en-18-meses\/","title":{"rendered":"ENTEL anuncia conexi\u00f3n v\u00eda fibra \u00f3ptica en 18 meses"},"content":{"rendered":"<p><img loading=\"lazy\" class=\"aligncenter size-full wp-image-240\" alt=\"Fibra_optica\" src=\"\/noticias\/wp-content\/uploads\/2013\/03\/Fibra_optica.jpg\" width=\"549\" height=\"311\" \/><\/p>\n<p>El gerente de ENTEL S.A., \u00d3scar Coca, anunci\u00f3 que en el lapso de 18 meses la telef\u00f3nica nacional dispondr\u00e1 de conexi\u00f3n v\u00eda fibra \u00f3ptica por tres v\u00edas, Chile, que est\u00e1 m\u00e1s cerca al oc\u00e9ano Pac\u00edfico, Argentina y la apertura por la frontera del Brasil hacia el Atl\u00e1ntico.<\/p>\n<p>\u201cLos cortes que hoy tenemos, y que todos tienen, van a desaparecer, porque si se corta una l\u00ednea, inmediatamente en fracciones de segundo la otra entra en servicio, \u00e9sa es la primera ventaja; la segunda es la velocidad que va a mejorar, porque el ancho de banda es mayor y el tercero el costo, que sin duda tiene que disminuir\u201d, dijo Coca.<\/p>\n<p>De esa manera, el gerente de ENTEL puntualiz\u00f3 que aproximadamente en agosto de 2014 estar\u00e1 a disposici\u00f3n de todos los bolivianos la conexi\u00f3n por una fibra \u00f3ptica que sea de propiedad del Estado boliviano.<\/p>\n<p>\u201cENTEL tiene prevista la inversi\u00f3n de m\u00e1s de 100 millones de d\u00f3lares en lo que es infraestructura, b\u00e1sicamente radiobases y fibra \u00f3ptica\u201d, reflexion\u00f3.<\/p>\n<p>Para Coca, no es conveniente tener una sola conexi\u00f3n, \u201clo ideal y lo deseable es que tengamos m\u00e1s de una salida y est\u00e1 prevista tres salidas, una por el Pac\u00edfico, que es la m\u00e1s cercana, que est\u00e1 en trabajo, otra hacia el sur en la Argentina y la posibilidad con el Brasil, porque ya estamos tendiendo nuestra red hasta Puerto Su\u00e1rez\u201d.<\/p>\n","protected":false},"excerpt":{"rendered":"<p>El gerente de ENTEL S.A., \u00d3scar Coca, anunci\u00f3 que en el lapso de 18 meses la telef\u00f3nica nacional dispondr\u00e1 de conexi\u00f3n v\u00eda fibra \u00f3ptica por tres v\u00edas, Chile, que est\u00e1 m\u00e1s cerca al oc\u00e9ano Pac\u00edfico, Argentina y la apertura por&#8230;<\/p>\n","protected":false},"author":1,"featured_media":240,"comment_status":"open","ping_status":"open","sticky":false,"template":"","format":"standard","meta":[],"categories":[24],"tags":[],"aioseo_notices":[],"_links":{"self":[{"href":"http:\/\/www.bolivia-sms.com\/noticias\/wp-json\/wp\/v2\/posts\/229"}],"collection":[{"href":"http:\/\/www.bolivia-sms.com\/noticias\/wp-json\/wp\/v2\/posts"}],"about":[{"href":"http:\/\/www.bolivia-sms.com\/noticias\/wp-json\/wp\/v2\/types\/post"}],"author":[{"embeddable":true,"href":"http:\/\/www.bolivia-sms.com\/noticias\/wp-json\/wp\/v2\/users\/1"}],"replies":[{"embeddable":true,"href":"http:\/\/www.bolivia-sms.com\/noticias\/wp-json\/wp\/v2\/comments?post=229"}],"version-history":[{"count":2,"href":"http:\/\/www.bolivia-sms.com\/noticias\/wp-json\/wp\/v2\/posts\/229\/revisions"}],"predecessor-version":[{"id":241,"href":"http:\/\/www.bolivia-sms.com\/noticias\/wp-json\/wp\/v2\/posts\/229\/revisions\/241"}],"wp:featuredmedia":[{"embeddable":true,"href":"http:\/\/www.bolivia-sms.com\/noticias\/wp-json\/wp\/v2\/media\/240"}],"wp:attachment":[{"href":"http:\/\/www.bolivia-sms.com\/noticias\/wp-json\/wp\/v2\/media?parent=229"}],"wp:term":[{"taxonomy":"category","embeddable":true,"href":"http:\/\/www.bolivia-sms.com\/noticias\/wp-json\/wp\/v2\/categories?post=229"},{"taxonomy":"post_tag","embeddable":true,"href":"http:\/\/www.bolivia-sms.com\/noticias\/wp-json\/wp\/v2\/tags?post=229"}],"curies":[{"name":"wp","href":"https:\/\/api.w.org\/{rel}","templated":true}]}}