{"id":226,"date":"2013-03-23T17:50:08","date_gmt":"2013-03-23T17:50:08","guid":{"rendered":"http:\/\/www.bolivia-sms.com\/noticias\/?p=226"},"modified":"2013-03-23T17:50:08","modified_gmt":"2013-03-23T17:50:08","slug":"proponen-neutralidad-en-la-red","status":"publish","type":"post","link":"http:\/\/www.bolivia-sms.com\/noticias\/proponen-neutralidad-en-la-red\/","title":{"rendered":"Proponen neutralidad en la red"},"content":{"rendered":"<p><img loading=\"lazy\" class=\"aligncenter size-full wp-image-227\" alt=\"500px-netneutrality_logo_svg\" src=\"\/noticias\/wp-content\/uploads\/2013\/03\/500px-netneutrality_logo_svg.png\" width=\"500\" height=\"410\" \/><\/p>\n<p>Mediante un proyecto de Decreto Supremo el gobierno establecer\u00e1 un Punto de Interconexi\u00f3n de Tr\u00e1fico (PIT). Es as\u00ed que el colectivo \u00abM\u00e1s y mejor internet para Bolivia\u00bb, ha se\u00f1alado que la puesta en marcha de este PIT es positivo, pero se corre el riesgo de que se coarte la libertad de expresi\u00f3n y uso de internet.<\/p>\n<p>El ciberactivista Mario Dur\u00e1n, explic\u00f3 que las ventajas de la interconexi\u00f3n son un menor coste, baja latencia y mayor ancho de banda para el tr\u00e1fico de datos, pues ya no habr\u00eda la necesidad de que la informaci\u00f3n viaje a Estados Unidos para luego regresar al pa\u00eds y pasar de una red a otra.<\/p>\n<p>\u00abEs una buena intenci\u00f3n lo del PIT, pero el riesgo de este proyecto es que como en China, Ir\u00e1n o Cuba, podr\u00edan coartar la libertad de expresi\u00f3n y la libertad de acceso al internet. Por eso hemos propuesto la neutralidad de red, es decir que este administrado por el Estado, las empresas y los usuarios, para que se garantice a todos los bolivianos que no se va limitar el contenido de la red, sea la informaci\u00f3n a favor o en contra de cualquier gobierno de turno\u00bb, coment\u00f3 Dur\u00e1n.<\/p>\n<p>En tanto el vicepresidente, \u00c1lvaro Garc\u00eda Linera, sali\u00f3 al paso para indicar que el principal objetivo de este proyecto es contar con una conexi\u00f3n de internet propia y directa a los nodos que se encuentran en las costas del Pac\u00edfico y Atl\u00e1ntico, y as\u00ed reducir las tarifas, mejorar la velocidad.<\/p>\n<p>&nbsp;<\/p>\n","protected":false},"excerpt":{"rendered":"<p>Mediante un proyecto de Decreto Supremo el gobierno establecer\u00e1 un Punto de Interconexi\u00f3n de Tr\u00e1fico (PIT). Es as\u00ed que el colectivo \u00abM\u00e1s y mejor internet para Bolivia\u00bb, ha se\u00f1alado que la puesta en marcha de este PIT es positivo, pero&#8230;<\/p>\n","protected":false},"author":1,"featured_media":227,"comment_status":"open","ping_status":"open","sticky":false,"template":"","format":"standard","meta":[],"categories":[16],"tags":[],"aioseo_notices":[],"_links":{"self":[{"href":"http:\/\/www.bolivia-sms.com\/noticias\/wp-json\/wp\/v2\/posts\/226"}],"collection":[{"href":"http:\/\/www.bolivia-sms.com\/noticias\/wp-json\/wp\/v2\/posts"}],"about":[{"href":"http:\/\/www.bolivia-sms.com\/noticias\/wp-json\/wp\/v2\/types\/post"}],"author":[{"embeddable":true,"href":"http:\/\/www.bolivia-sms.com\/noticias\/wp-json\/wp\/v2\/users\/1"}],"replies":[{"embeddable":true,"href":"http:\/\/www.bolivia-sms.com\/noticias\/wp-json\/wp\/v2\/comments?post=226"}],"version-history":[{"count":1,"href":"http:\/\/www.bolivia-sms.com\/noticias\/wp-json\/wp\/v2\/posts\/226\/revisions"}],"predecessor-version":[{"id":228,"href":"http:\/\/www.bolivia-sms.com\/noticias\/wp-json\/wp\/v2\/posts\/226\/revisions\/228"}],"wp:featuredmedia":[{"embeddable":true,"href":"http:\/\/www.bolivia-sms.com\/noticias\/wp-json\/wp\/v2\/media\/227"}],"wp:attachment":[{"href":"http:\/\/www.bolivia-sms.com\/noticias\/wp-json\/wp\/v2\/media?parent=226"}],"wp:term":[{"taxonomy":"category","embeddable":true,"href":"http:\/\/www.bolivia-sms.com\/noticias\/wp-json\/wp\/v2\/categories?post=226"},{"taxonomy":"post_tag","embeddable":true,"href":"http:\/\/www.bolivia-sms.com\/noticias\/wp-json\/wp\/v2\/tags?post=226"}],"curies":[{"name":"wp","href":"https:\/\/api.w.org\/{rel}","templated":true}]}}