{"id":219,"date":"2013-03-23T16:19:04","date_gmt":"2013-03-23T16:19:04","guid":{"rendered":"http:\/\/www.bolivia-sms.com\/noticias\/?p=219"},"modified":"2013-03-23T16:27:31","modified_gmt":"2013-03-23T16:27:31","slug":"el-gobierno-busca-bajar-los-precios-de-internet","status":"publish","type":"post","link":"http:\/\/www.bolivia-sms.com\/noticias\/el-gobierno-busca-bajar-los-precios-de-internet\/","title":{"rendered":"El Gobierno busca bajar los precios de internet"},"content":{"rendered":"<p><img loading=\"lazy\" class=\"aligncenter size-full wp-image-220\" alt=\"garcia-linera\" src=\"\/noticias\/wp-content\/uploads\/2013\/03\/garcia-linera.jpg\" width=\"588\" height=\"392\" \/><\/p>\n<p>El vicepresidente, \u00c1lvaro Garc\u00eda Linera, anunci\u00f3 que el pa\u00eds buscar\u00e1 tener una conexi\u00f3n directa a las redes del Pac\u00edfico y Atl\u00e1ntico para bajar las tarifas, mejorar la velocidad y ampliar el ancho de banda.<\/p>\n<p>\u00abNo estamos contentos con el internet, hemos bajado tarifas en Entel, pero seguimos teniendo tarifas altas, si tomamos en cuenta el promedio Latinoamericano, y la velocidad y el tama\u00f1o de la banda es todav\u00eda limitado\u00bb, asever\u00f3.<\/p>\n<p>\u201cLa intenci\u00f3n del Estado boliviano es tener su propia conexi\u00f3n directa con los nodos que est\u00e1n en el mar, tanto en el oc\u00e9ano Pac\u00edfico como en el Atl\u00e1ntico y eso, no cabe duda, ayudar\u00e1 a reducir enormemente las tarifas de uso de internet y ampliar\u00e1 la banda\u201d, manifest\u00f3.<\/p>\n<p>La autoridad mencion\u00f3 que si bien Entel baj\u00f3 las tarifas de internet, los precios siguen siendo altos si se toma en cuenta el promedio latinoamericano. \u201cLa velocidad y el ancho de banda es todav\u00eda limitado\u201d, advirti\u00f3.<\/p>\n<p>\u00abEn lo que respecta a internet estamos exigiendo, tanto a Entel como al resto de las empresas de telecomunicaciones que hagan todos los esfuerzos posibles, en primer lugar, para tener una conexi\u00f3n directa con el mar\u00bb, sostuvo Garc\u00eda y neg\u00f3 que est\u00e9 en marcha un proyecto de decreto para controlar el uso de internet.<\/p>\n","protected":false},"excerpt":{"rendered":"<p>El vicepresidente, \u00c1lvaro Garc\u00eda Linera, anunci\u00f3 que el pa\u00eds buscar\u00e1 tener una conexi\u00f3n directa a las redes del Pac\u00edfico y Atl\u00e1ntico para bajar las tarifas, mejorar la velocidad y ampliar el ancho de banda. \u00abNo estamos contentos con el internet,&#8230;<\/p>\n","protected":false},"author":1,"featured_media":220,"comment_status":"open","ping_status":"open","sticky":false,"template":"","format":"standard","meta":[],"categories":[16],"tags":[],"aioseo_notices":[],"_links":{"self":[{"href":"http:\/\/www.bolivia-sms.com\/noticias\/wp-json\/wp\/v2\/posts\/219"}],"collection":[{"href":"http:\/\/www.bolivia-sms.com\/noticias\/wp-json\/wp\/v2\/posts"}],"about":[{"href":"http:\/\/www.bolivia-sms.com\/noticias\/wp-json\/wp\/v2\/types\/post"}],"author":[{"embeddable":true,"href":"http:\/\/www.bolivia-sms.com\/noticias\/wp-json\/wp\/v2\/users\/1"}],"replies":[{"embeddable":true,"href":"http:\/\/www.bolivia-sms.com\/noticias\/wp-json\/wp\/v2\/comments?post=219"}],"version-history":[{"count":3,"href":"http:\/\/www.bolivia-sms.com\/noticias\/wp-json\/wp\/v2\/posts\/219\/revisions"}],"predecessor-version":[{"id":222,"href":"http:\/\/www.bolivia-sms.com\/noticias\/wp-json\/wp\/v2\/posts\/219\/revisions\/222"}],"wp:featuredmedia":[{"embeddable":true,"href":"http:\/\/www.bolivia-sms.com\/noticias\/wp-json\/wp\/v2\/media\/220"}],"wp:attachment":[{"href":"http:\/\/www.bolivia-sms.com\/noticias\/wp-json\/wp\/v2\/media?parent=219"}],"wp:term":[{"taxonomy":"category","embeddable":true,"href":"http:\/\/www.bolivia-sms.com\/noticias\/wp-json\/wp\/v2\/categories?post=219"},{"taxonomy":"post_tag","embeddable":true,"href":"http:\/\/www.bolivia-sms.com\/noticias\/wp-json\/wp\/v2\/tags?post=219"}],"curies":[{"name":"wp","href":"https:\/\/api.w.org\/{rel}","templated":true}]}}