{"id":199,"date":"2013-03-05T14:23:08","date_gmt":"2013-03-05T14:23:08","guid":{"rendered":"http:\/\/www.bolivia-sms.com\/noticias\/?p=199"},"modified":"2013-03-05T14:23:08","modified_gmt":"2013-03-05T14:23:08","slug":"fundacion-estas-vivo-de-viva-lanza-3er-concurso-de-fotografia-de-especies-en-peligro-de-extincion","status":"publish","type":"post","link":"http:\/\/www.bolivia-sms.com\/noticias\/fundacion-estas-vivo-de-viva-lanza-3er-concurso-de-fotografia-de-especies-en-peligro-de-extincion\/","title":{"rendered":"Fundaci\u00f3n est\u00e1s Vivo de VIVA lanza 3er concurso de fotograf\u00eda de especies en peligro de extinci\u00f3n"},"content":{"rendered":"<p><img loading=\"lazy\" class=\"aligncenter size-full wp-image-200\" alt=\"delfin-rosado\" src=\"\/noticias\/wp-content\/uploads\/2013\/03\/delfin-rosado.jpg\" width=\"500\" height=\"336\" \/><\/p>\n<p>La Fundaci\u00f3n est\u00e1s Vivo de Viva lanza el III Concurso Nacional de Fotograf\u00eda que busca generar conciencia sobre las especies en peligro de extinci\u00f3n del pa\u00eds por cuarto a\u00f1o consecutivo, junto a la Conservaci\u00f3n Internacional Bolivia, el Zool\u00f3gico Municipal Vesty Pakos y el Viceministerio de Medio Ambiente, Biodiversidad, Cambios Clim\u00e1ticos y de Gesti\u00f3n y desarrollo Forestal.<\/p>\n<p>En esta tercera versi\u00f3n se incluir\u00e1 a tres especies y por segunda vez entrar\u00e1 en competencia la mejor fotograf\u00eda de un \u00e1rea protegida. Los ganadores recibir\u00e1n 1.000 d\u00f3lares y las mejores fotograf\u00edas ser\u00e1n impresas en diez millones de tarjetas prepago de la telef\u00f3nica VIVA. Es decir, se entregaran 4 premios cada uno de $us 1.000 y la publicaci\u00f3n en 4 cortes de tarjetas: Bs10, Bs.30, Bs.50 y Bs.90.<\/p>\n<p>El director ejecutivo de Conservaci\u00f3n Internacional Bolivia, Eduardo Forno, record\u00f3 que \u00e9sta es la cuarta campa\u00f1a referida a especies en peligro de extinci\u00f3n que se hace conjuntamente con la Fundaci\u00f3n Est\u00e1s Vivo.<\/p>\n<p>\u201cHasta la fecha hemos difundido informaci\u00f3n sobre 14 especies de fauna amenazada en Bolivia, en un esfuerzo por sensibilizar, especialmente a las y los j\u00f3venes de Bolivia, sobre la importancia de las especies y de la naturaleza para el desarrollo\u201d.<\/p>\n","protected":false},"excerpt":{"rendered":"<p>La Fundaci\u00f3n est\u00e1s Vivo de Viva lanza el III Concurso Nacional de Fotograf\u00eda que busca generar conciencia sobre las especies en peligro de extinci\u00f3n del pa\u00eds por cuarto a\u00f1o consecutivo, junto a la Conservaci\u00f3n Internacional Bolivia, el Zool\u00f3gico Municipal Vesty&#8230;<\/p>\n","protected":false},"author":1,"featured_media":200,"comment_status":"open","ping_status":"open","sticky":false,"template":"","format":"standard","meta":[],"categories":[23],"tags":[],"aioseo_notices":[],"_links":{"self":[{"href":"http:\/\/www.bolivia-sms.com\/noticias\/wp-json\/wp\/v2\/posts\/199"}],"collection":[{"href":"http:\/\/www.bolivia-sms.com\/noticias\/wp-json\/wp\/v2\/posts"}],"about":[{"href":"http:\/\/www.bolivia-sms.com\/noticias\/wp-json\/wp\/v2\/types\/post"}],"author":[{"embeddable":true,"href":"http:\/\/www.bolivia-sms.com\/noticias\/wp-json\/wp\/v2\/users\/1"}],"replies":[{"embeddable":true,"href":"http:\/\/www.bolivia-sms.com\/noticias\/wp-json\/wp\/v2\/comments?post=199"}],"version-history":[{"count":1,"href":"http:\/\/www.bolivia-sms.com\/noticias\/wp-json\/wp\/v2\/posts\/199\/revisions"}],"predecessor-version":[{"id":201,"href":"http:\/\/www.bolivia-sms.com\/noticias\/wp-json\/wp\/v2\/posts\/199\/revisions\/201"}],"wp:featuredmedia":[{"embeddable":true,"href":"http:\/\/www.bolivia-sms.com\/noticias\/wp-json\/wp\/v2\/media\/200"}],"wp:attachment":[{"href":"http:\/\/www.bolivia-sms.com\/noticias\/wp-json\/wp\/v2\/media?parent=199"}],"wp:term":[{"taxonomy":"category","embeddable":true,"href":"http:\/\/www.bolivia-sms.com\/noticias\/wp-json\/wp\/v2\/categories?post=199"},{"taxonomy":"post_tag","embeddable":true,"href":"http:\/\/www.bolivia-sms.com\/noticias\/wp-json\/wp\/v2\/tags?post=199"}],"curies":[{"name":"wp","href":"https:\/\/api.w.org\/{rel}","templated":true}]}}